{"id":1486,"date":"2025-08-22T16:33:07","date_gmt":"2025-08-22T14:33:07","guid":{"rendered":"https:\/\/anne-delaby.com\/NouveauSite\/?p=1486"},"modified":"2025-08-22T16:33:08","modified_gmt":"2025-08-22T14:33:08","slug":"suite-de-lexposition-personnelle-a-lespace-dagron-dauneau-28700","status":"publish","type":"post","link":"http:\/\/anne-delaby.com\/NouveauSite\/2025\/08\/22\/suite-de-lexposition-personnelle-a-lespace-dagron-dauneau-28700\/","title":{"rendered":"Suite de l&rsquo;exposition personnelle \u00e0 l&rsquo;Espace Dagron d&rsquo;AUNEAU (28700)"},"content":{"rendered":"<!-- wp:paragraph--><div class=\"gridContainer\">\n<p>Je remercie chaleureusement tous les personnels de l&rsquo;Espace Dagron pour leur aide pr\u00e9cieuse et pour leur travail. Merci \u00e9galement pour ces 2 petits \u00ab\u00a0r\u00e9els\u00a0\u00bb r\u00e9alis\u00e9s par Roxanne Vivier que je remercie particuli\u00e8rement pour sa g\u00e9n\u00e9rosit\u00e9, ses comp\u00e9tences et sa gentillesse. Ces 2 r\u00e9els sont publi\u00e9s \u00e9galement sur les r\u00e9seaux sociaux.<\/p>\n<\/div><!-- \/wp:paragraph-->\n\n\n<div class=\"wp-block-media-text is-stacked-on-mobile\"><figure class=\"wp-block-media-text__media\"><video controls src=\"http:\/\/anne-delaby.com\/NouveauSite\/wp-content\/uploads\/2025\/08\/Video-de-lexposition.mp4\"><\/video><\/figure><div class=\"wp-block-media-text__content\">\n<div class=\"wp-block-media-text is-stacked-on-mobile\"><figure class=\"wp-block-media-text__media\"><video controls src=\"http:\/\/anne-delaby.com\/NouveauSite\/wp-content\/uploads\/2025\/08\/Video-du-don-de-la-sculpture.mp4\"><\/video><\/figure><div class=\"wp-block-media-text__content\"><!-- wp:paragraph {\"placeholder\":\"Contenu\u2026\"}--><div class=\"gridContainer\">\n<p>Don d&rsquo;une de mes sculptures \u00e0 l&rsquo;Espace Dagron en remerciement de leur accueil.<\/p>\n<\/div><!-- \/wp:paragraph--><\/div><\/div>\n","protected":false},"excerpt":{"rendered":"<p>Je remercie chaleureusement tous les personnels de l&rsquo;Espace Dagron pour leur aide pr\u00e9cieuse et pour leur travail. Merci \u00e9galement pour ces 2 petits \u00ab\u00a0r\u00e9els\u00a0\u00bb r\u00e9alis\u00e9s par Roxanne Vivier que je remercie particuli\u00e8rement pour sa g\u00e9n\u00e9rosit\u00e9, ses comp\u00e9tences et sa gentillesse. Ces 2 r\u00e9els sont publi\u00e9s \u00e9galement sur les r\u00e9seaux sociaux.<\/p>\n","protected":false},"author":2,"featured_media":1482,"comment_status":"closed","ping_status":"closed","sticky":true,"template":"","format":"standard","meta":{"footnotes":""},"categories":[1],"tags":[49,47,55,56,45,54,53,20],"_links":{"self":[{"href":"http:\/\/anne-delaby.com\/NouveauSite\/wp-json\/wp\/v2\/posts\/1486"}],"collection":[{"href":"http:\/\/anne-delaby.com\/NouveauSite\/wp-json\/wp\/v2\/posts"}],"about":[{"href":"http:\/\/anne-delaby.com\/NouveauSite\/wp-json\/wp\/v2\/types\/post"}],"author":[{"embeddable":true,"href":"http:\/\/anne-delaby.com\/NouveauSite\/wp-json\/wp\/v2\/users\/2"}],"replies":[{"embeddable":true,"href":"http:\/\/anne-delaby.com\/NouveauSite\/wp-json\/wp\/v2\/comments?post=1486"}],"version-history":[{"count":2,"href":"http:\/\/anne-delaby.com\/NouveauSite\/wp-json\/wp\/v2\/posts\/1486\/revisions"}],"predecessor-version":[{"id":1490,"href":"http:\/\/anne-delaby.com\/NouveauSite\/wp-json\/wp\/v2\/posts\/1486\/revisions\/1490"}],"wp:featuredmedia":[{"embeddable":true,"href":"http:\/\/anne-delaby.com\/NouveauSite\/wp-json\/wp\/v2\/media\/1482"}],"wp:attachment":[{"href":"http:\/\/anne-delaby.com\/NouveauSite\/wp-json\/wp\/v2\/media?parent=1486"}],"wp:term":[{"taxonomy":"category","embeddable":true,"href":"http:\/\/anne-delaby.com\/NouveauSite\/wp-json\/wp\/v2\/categories?post=1486"},{"taxonomy":"post_tag","embeddable":true,"href":"http:\/\/anne-delaby.com\/NouveauSite\/wp-json\/wp\/v2\/tags?post=1486"}],"curies":[{"name":"wp","href":"https:\/\/api.w.org\/{rel}","templated":true}]}}