{"id":69,"date":"2018-07-31T13:11:15","date_gmt":"2018-07-31T11:11:15","guid":{"rendered":"http:\/\/anne-delaby.com\/NouveauSite\/2018\/07\/31\/imago-au-festival-des-carnutes-ensemble-ethopee\/"},"modified":"2018-07-31T13:11:15","modified_gmt":"2018-07-31T11:11:15","slug":"imago-au-festival-des-carnutes-ensemble-ethopee","status":"publish","type":"post","link":"http:\/\/anne-delaby.com\/NouveauSite\/en\/2018\/07\/31\/imago-au-festival-des-carnutes-ensemble-ethopee\/","title":{"rendered":"Imago au Festival des Carnutes, ensemble Ethop\u00e9e,"},"content":{"rendered":"<p>Imago est d&#8217;ordinaire faite pour une pi\u00e8ce contemporaine avec danse, musique pour guitare, musique par ordinateur et textes contemporains mais peut \u00eatre expos\u00e9e seule. C&#8217;est une production de l&#8217;ensemble Ethop\u00e9e.<\/p>\n<p>Imago, en tant que sculpture monumentale en tissus intelligents a \u00e9t\u00e9 expos\u00e9e au Festival des Carnutes \u00e0 Luisant (28) les 28 et 29 juillet 2018.<br \/>\nUne pi\u00e8ce sp\u00e9ciale lui a \u00e9t\u00e9 consacr\u00e9e qui devait \u00eatre enti\u00e8rement habill\u00e9e et sonoris\u00e9e.<\/p>\n<p>Les murs, enti\u00e8rement recouverts de traces, d&#8217;empreintes et de textes (Cocteau, Michanx, Jung et Kafka), entourent la sculpture. Au sol, un chemin noir entoure un grand espace consacr\u00e9 aux cocons et \u00e0 un amas de tissus noirs et blancs \u00e9voquant une chrysalide g\u00e9ante.<br \/>\nAu fond, un dispositif sonore diffusait uniquement la musique sur ordinateur.<br \/>\nLes textes concernent le mythe des Trois Parques car la sculpture a trois t\u00eates les \u00e9voquant ainsi que la destin\u00e9e, l&#8217;hybridation insecte\/femme et la m\u00e9tamorphose.<\/p>\n<p>Ce monstrueux hybride insecte\/femme est en suspension au dessus d&#8217;un amas de cocons et de tissus intelligents comme si elle \u00e9tait en pleine ponte.<\/p>\n<p>Les tissus intelligents proviennent de la soci\u00e9t\u00e9 DIATEX qui est notre partenaire.<\/p>\n","protected":false},"excerpt":{"rendered":"<p>Imago est d&#8217;ordinaire faite pour une pi\u00e8ce contemporaine avec danse, musique pour guitare, musique par ordinateur et textes contemporains mais peut \u00eatre expos\u00e9e seule. C&#8217;est une production de l&#8217;ensemble Ethop\u00e9e. Imago, en tant que sculpture monumentale en tissus intelligents a \u00e9t\u00e9 expos\u00e9e au Festival des Carnutes \u00e0 Luisant (28) les 28 et 29 juillet 2018.&nbsp;&hellip;<\/p>\n","protected":false},"author":2,"featured_media":68,"comment_status":"open","ping_status":"open","sticky":false,"template":"","format":"standard","meta":{"footnotes":""},"categories":[1],"tags":[19,18,12,16,17,15,9,5,4,20],"_links":{"self":[{"href":"http:\/\/anne-delaby.com\/NouveauSite\/en\/wp-json\/wp\/v2\/posts\/69"}],"collection":[{"href":"http:\/\/anne-delaby.com\/NouveauSite\/en\/wp-json\/wp\/v2\/posts"}],"about":[{"href":"http:\/\/anne-delaby.com\/NouveauSite\/en\/wp-json\/wp\/v2\/types\/post"}],"author":[{"embeddable":true,"href":"http:\/\/anne-delaby.com\/NouveauSite\/en\/wp-json\/wp\/v2\/users\/2"}],"replies":[{"embeddable":true,"href":"http:\/\/anne-delaby.com\/NouveauSite\/en\/wp-json\/wp\/v2\/comments?post=69"}],"version-history":[{"count":0,"href":"http:\/\/anne-delaby.com\/NouveauSite\/en\/wp-json\/wp\/v2\/posts\/69\/revisions"}],"wp:featuredmedia":[{"embeddable":true,"href":"http:\/\/anne-delaby.com\/NouveauSite\/en\/wp-json\/wp\/v2\/media\/68"}],"wp:attachment":[{"href":"http:\/\/anne-delaby.com\/NouveauSite\/en\/wp-json\/wp\/v2\/media?parent=69"}],"wp:term":[{"taxonomy":"category","embeddable":true,"href":"http:\/\/anne-delaby.com\/NouveauSite\/en\/wp-json\/wp\/v2\/categories?post=69"},{"taxonomy":"post_tag","embeddable":true,"href":"http:\/\/anne-delaby.com\/NouveauSite\/en\/wp-json\/wp\/v2\/tags?post=69"}],"curies":[{"name":"wp","href":"https:\/\/api.w.org\/{rel}","templated":true}]}}