{"id":41,"date":"2015-08-15T16:52:33","date_gmt":"2015-08-15T14:52:33","guid":{"rendered":"http:\/\/anne-delaby.com\/NouveauSite\/2015\/08\/15\/adolescence\/"},"modified":"2015-08-15T16:52:33","modified_gmt":"2015-08-15T14:52:33","slug":"adolescence","status":"publish","type":"post","link":"http:\/\/anne-delaby.com\/NouveauSite\/en\/2015\/08\/15\/adolescence\/","title":{"rendered":"Adolescence"},"content":{"rendered":"<p><center><u><strong>Projet plastique et sonore en partenariat avec une association pour jeunes<br \/>\n                               en difficult\u00e9s<\/strong><u><\/center><br \/>\n<br \/>\n<\/br><\/p>\n<p>Ce projet est \u00e0 destination de jeunes en difficult\u00e9s en partenariat avec un intervenant en<br \/>\natelier d&#8217;\u00e9criture. Les jeunes en difficult\u00e9s sont souvent concern\u00e9s par les probl\u00e9matiques<br \/>\npropos\u00e9es dans ce projet et celui-ci peut aussi \u00eatre propos\u00e9 \u00e0 des municipalit\u00e9s d\u00e9sirant faire<br \/>\nvivre\/revivre un quartier, une rue, un b\u00e2timent &#8230; et \u00e0 des \u00e9tablissements scolaires.<\/p>\n<p>Ce projet n&#8217;a pas pour but la &#8220;d\u00e9coration&#8221; d&#8217;une structure mais la mise en \u0153uvre, en<br \/>\npartenariat, d&#8217;une production plastique, \u00e9crite (po\u00e9sie, typographie) et sonore entre jeunes,<br \/>\nmembres de l&#8217;association, intervenant et artiste. Il est con\u00e7u \u00e0 base de figures peintes sur des<br \/>\nparois, support futur d&#8217;\u00e9criture de textes par les adolescents avec leur intervenant en atelier,<br \/>\nles textes peuvent \u00eatre enregistr\u00e9s et mis en sons ou rester sur support papier. Les surfaces<br \/>\npeintes peuvent \u00eatre importantes pour accueillir des figures grand format mais il est adaptable<br \/>\nen format r\u00e9duit (bois, toiles, papier &#8230;). Des probl\u00e9matiques contradictoires sont propos\u00e9es en<br \/>\nrelation avec les figures peintes et en coh\u00e9rence avec les techniques plastiques.<\/p>\n<p>Les sujets peints, m\u00eame sur des murs de b\u00e9ton peuvent \u00eatre \u00e9ph\u00e9m\u00e8res ou s&#8217;installer dans la<br \/>\ndur\u00e9e si les partenaires le souhaitent. Les conditions m\u00e9t\u00e9orologiques, les graffitis &#8230; sont des<br \/>\nrisques attendus. Le projet final peut rester dans la structure en exposition.<\/p>\n<p><strong>Les sujets des figures :<\/strong><\/p>\n<p><strong> L&#8217;adolescence :<\/strong> des adolescents, en entier ou fragment\u00e9s, peints individuellement et destin\u00e9s<br \/>\n\u00e0 des murs, parois int\u00e9rieures ou ext\u00e9rieures&#8230; L&#8217;adolescence est li\u00e9e aux difficult\u00e9s de cet \u00e2ge,<br \/>\n\u00e0 la pauvret\u00e9, \u00e0 la solitude &#8230;<\/p>\n<p><strong>Les techniques plastiques :<\/strong><\/p>\n<p>Traces et empreintes<br \/>\nGesso color\u00e9 \u00e0 l&#8217;acrylique (cette technique donne l&#8217;impression d&#8217;immat\u00e9rialit\u00e9, les<br \/>\npersonnages sont fantomatiques)<\/p>\n<p><strong>Les probl\u00e9matiques propos\u00e9es :<\/strong><\/p>\n<p>Pr\u00e9sence\/Absence &#8211; Mat\u00e9rialit\u00e9\/Immat\u00e9rialit\u00e9<br \/>\nEntit\u00e9\/Individualit\u00e9<br \/>\nDur\u00e9e\/Eph\u00e9m\u00e8re &#8211; Pass\u00e9\/Pr\u00e9sent &#8211; Vie\/Mort<br \/>\nAssembler\/Fragmenter &#8211; Assemblage\/D\u00e9calage<br \/>\n\u00c9loignement\/Proximit\u00e9<\/p>\n<p><strong>Les \u00e9tapes du projet :<\/strong><\/p>\n<p>Pr\u00e9paration du projet avec l&#8217;association et l&#8217;intervenant sans aucun \u00e9l\u00e9ment donn\u00e9 aux<br \/>\njeunes, rien que l&#8217;existence possible d&#8217;un projet artistique en partenariat.<br \/>\nInvestissement des lieux en dehors des horaires de pr\u00e9sence des jeunes (les figures<br \/>\ndoivent provoquer la surprise).<br \/>\nD\u00e9couverte des figures choisies par les partenaires et d\u00e9but du travail avec<br \/>\nl&#8217;intervenant \u00e0 partir des r\u00e9actions des jeunes.<br \/>\nPremier \u00e9change artiste\/adolescents\/intervenant.<br \/>\n\u00c9criture des textes par les jeunes avec l&#8217;intervenant suivant les sujets choisis. La<br \/>\ncorrespondance avec l&#8217;artiste reste possible tout au long du projet.<br \/>\nDeuxi\u00e8me \u00e9change<br \/>\nPossible mise en son (enregistrements de mots, textes \u00e9crits par les jeunes, mise en son<br \/>\navec des techniques \u00e9lectroacoustiques &#8230;<br \/>\nFinalisation du projet avec les partenaires.<br \/>\nExposition\/Diffusion\/Sc\u00e9nographie &#8230;<br \/>\nBilan du projet avec les partenaires.<br \/>\nContact : anne.delaby.art@gmail.com<br \/>\nSite Internet : anne-delaby.com<br \/>\nAffili\u00e9e \u00e0 La Maison des Artistes.<\/p>\n","protected":false},"excerpt":{"rendered":"<p>Projet plastique et sonore en partenariat avec une association pour jeunes en difficult\u00e9s Ce projet est \u00e0 destination de jeunes en difficult\u00e9s en partenariat avec un intervenant en atelier d&#8217;\u00e9criture. Les jeunes en difficult\u00e9s sont souvent concern\u00e9s par les probl\u00e9matiques propos\u00e9es dans ce projet et celui-ci peut aussi \u00eatre propos\u00e9 \u00e0 des municipalit\u00e9s d\u00e9sirant faire&nbsp;&hellip;<\/p>\n","protected":false},"author":1,"featured_media":42,"comment_status":"open","ping_status":"open","sticky":false,"template":"","format":"standard","meta":{"footnotes":""},"categories":[1],"tags":[],"_links":{"self":[{"href":"http:\/\/anne-delaby.com\/NouveauSite\/en\/wp-json\/wp\/v2\/posts\/41"}],"collection":[{"href":"http:\/\/anne-delaby.com\/NouveauSite\/en\/wp-json\/wp\/v2\/posts"}],"about":[{"href":"http:\/\/anne-delaby.com\/NouveauSite\/en\/wp-json\/wp\/v2\/types\/post"}],"author":[{"embeddable":true,"href":"http:\/\/anne-delaby.com\/NouveauSite\/en\/wp-json\/wp\/v2\/users\/1"}],"replies":[{"embeddable":true,"href":"http:\/\/anne-delaby.com\/NouveauSite\/en\/wp-json\/wp\/v2\/comments?post=41"}],"version-history":[{"count":0,"href":"http:\/\/anne-delaby.com\/NouveauSite\/en\/wp-json\/wp\/v2\/posts\/41\/revisions"}],"wp:featuredmedia":[{"embeddable":true,"href":"http:\/\/anne-delaby.com\/NouveauSite\/en\/wp-json\/wp\/v2\/media\/42"}],"wp:attachment":[{"href":"http:\/\/anne-delaby.com\/NouveauSite\/en\/wp-json\/wp\/v2\/media?parent=41"}],"wp:term":[{"taxonomy":"category","embeddable":true,"href":"http:\/\/anne-delaby.com\/NouveauSite\/en\/wp-json\/wp\/v2\/categories?post=41"},{"taxonomy":"post_tag","embeddable":true,"href":"http:\/\/anne-delaby.com\/NouveauSite\/en\/wp-json\/wp\/v2\/tags?post=41"}],"curies":[{"name":"wp","href":"https:\/\/api.w.org\/{rel}","templated":true}]}}