{"id":27,"date":"2014-04-29T15:03:34","date_gmt":"2014-04-29T13:03:34","guid":{"rendered":"http:\/\/anne-delaby.com\/NouveauSite\/2014\/04\/29\/presentation-de-lartiste-et-demarche-artistique\/"},"modified":"2025-05-08T11:41:59","modified_gmt":"2025-05-08T09:41:59","slug":"presentation-de-lartiste-et-demarche-artistique","status":"publish","type":"post","link":"http:\/\/anne-delaby.com\/NouveauSite\/en\/2014\/04\/29\/presentation-de-lartiste-et-demarche-artistique\/","title":{"rendered":"Pr\u00e9sentation de l&#8217;artiste et d\u00e9marche artistique"},"content":{"rendered":"<!-- wp:image {\"id\":1232,\"width\":470,\"height\":535,\"sizeSlug\":\"large\",\"linkDestination\":\"none\",\"align\":\"center\"}--><div class=\"gridContainer\">\n<figure class=\"wp-block-image aligncenter size-large is-resized\"><img loading=\"lazy\" decoding=\"async\" width=\"899\" height=\"1024\" src=\"http:\/\/anne-delaby.com\/NouveauSite\/wp-content\/uploads\/2021\/01\/portrait-artiste-899x1024.jpg\" alt=\"\" class=\"wp-image-1232\" style=\"width:470px;height:535px\" srcset=\"http:\/\/anne-delaby.com\/NouveauSite\/wp-content\/uploads\/2021\/01\/portrait-artiste-899x1024.jpg 899w, http:\/\/anne-delaby.com\/NouveauSite\/wp-content\/uploads\/2021\/01\/portrait-artiste-263x300.jpg 263w, http:\/\/anne-delaby.com\/NouveauSite\/wp-content\/uploads\/2021\/01\/portrait-artiste-768x875.jpg 768w, http:\/\/anne-delaby.com\/NouveauSite\/wp-content\/uploads\/2021\/01\/portrait-artiste-1348x1536.jpg 1348w, http:\/\/anne-delaby.com\/NouveauSite\/wp-content\/uploads\/2021\/01\/portrait-artiste-1797x2048.jpg 1797w, http:\/\/anne-delaby.com\/NouveauSite\/wp-content\/uploads\/2021\/01\/portrait-artiste-1232x1404.jpg 1232w, http:\/\/anne-delaby.com\/NouveauSite\/wp-content\/uploads\/2021\/01\/portrait-artiste-948x1080.jpg 948w\" sizes=\"(max-width: 899px) 100vw, 899px\" \/><figcaption class=\"wp-element-caption\">Portrait de l&#8217;artiste<\/figcaption><\/figure>\n<\/div><!-- \/wp:image-->\n\n<p>Pr\u00e9sentation (po\u00e8me extrait d&#8217;un recueil)<\/p>\n<p><em>Traces et empreintes Fragments et lambeaux<\/em><br \/><em>Couleur de la solitude<\/em><br \/><em>Collages de douleur<\/em><br \/><em>Eclats d&#8217;abandon<\/em><br \/><em>Mati\u00e8re profonde et limpide<\/em><br \/><em>Eph\u00e9m\u00e8re qui demeure<\/em><br \/><em>Une voix pour dire<\/em><br \/><em>Regard vers l&#8217;horizon<\/em><br \/><em>Passage incertain<\/em><br \/><em>Conteuse de la vie<\/em><br \/><em>Barrage contre l&#8217;oubli<\/em><br \/><em>Colporteuse de la pens\u00e9e<\/em><br \/><em>Illumination de l&#8217;art.<\/em><\/p>\n<p>Musicienne (claveciniste) de formation, je me suis isol\u00e9e durant quatre ans afin de me consacrer pleinement aux arts plastiques, \u00e0 la composition musicale sur ordinateur (MAO), et \u00e0 la po\u00e9sie.<\/p>\n<p>Attir\u00e9e depuis toujours par la cr\u00e9ation contemporaine qu\u2019elle soit musicale, litt\u00e9raire ou plastique, je recherche, questionne et mets en lien plusieurs domaines artistiques qui me poussent \u00e0 cr\u00e9er mes propres techniques et outils \u00e0 travers une d\u00e9marche toujours au service de l\u2019expressivit\u00e9 et du propos.<\/p>\n<p>\u00a0<\/p>\n<p><strong>Les expositions et projets\u00a0: <\/strong><\/p>\n<ul>\n<li>Exposition personnelle au Centre Culturel &#8211; Espace Dagron &#8211; Auneau (28700) &#8211; du 1er au 31 juillet 2025<\/li>\n<li>Exposition personnelle dans le cadre du Parcours des Chapelles \u00e0 Lannilis (Bretagne) &#8211; Chapelle Saint Yves du Bergot en 2023.<\/li>\n<li>Exposition \u00e0 la galerie Sonia Monti \u00e0 Paris de la s\u00e9rie <em>Anhydra<\/em> (sculptures) et de 2 toiles \u00e0 partir de janvier 2021. Galerie Sonia MONTI : 6 avecnue Delcass\u00e9, 75008 Paris M\u00e9tro Miromesnil.<\/li>\n<li>Ces 4 oeuvres sont visibles sur la plate-forme ART NOW.<\/li>\n<li>Exposition personnelle \u00e0 la Mairie de Chateaudun (Eure et Loir- 28)<\/li>\n<li>Participe au projet de la PEP 28 (ateliers et r\u00e9alisation d\u2019une fresque en partenariat avec le Mus\u00e9e des Beaux-Arts de Chartres (2020\/2021)<\/li>\n<li>Certifications en art-th\u00e9rapie, psychoth\u00e9rapies, psychanalyse, m\u00e9ditation, soprologie et yoga.<\/li>\n<li>Ouvre des ateliers pour enfants et adultes en arts plastiques et art-th\u00e9rapie<\/li>\n<li>Auteur de performances notamment au <em>Festival des Carnutes<\/em> dont <em>Ethop\u00e9e <\/em>est partenaire<\/li>\n<li>Prix de l\u2019installation au salon de Sainte Genevi\u00e8ve des Bois pour <em>Vers une Imago<\/em> (installation monumentale en tissus intelligents DIATEX)<\/li>\n<li>Artiste en r\u00e9sidence en janvier 2018 aux Ar\u00e8nes de Nanterre avec la compagnie <em>Ethop\u00e9e, Passions Contemporaines.<\/em><\/li>\n<li>Ouvre un atelier de cr\u00e9ation plastique \u00e0 la galerie d\u2019art d\u2019Auneau <em>A la Crois\u00e9e des Arts<\/em> o\u00f9 elle est artiste permanente jusqu\u2019en 2018<\/li>\n<li>2017\u00a0: cr\u00e9ation de la Compagnie <em>Ethop\u00e9e<\/em>, <em>Passions Contemporaines <\/em>(r\u00e9union sur sc\u00e8ne de plusieurs arts sous leurs aspects les plus contemporains) dont elle est pr\u00e9sidente et directrice artistique.<\/li>\n<li>Actuellement, enseigne la musique et l\u2019histoire des arts et anime des ateliers pour enfants en continuant d\u2019exposer r\u00e9guli\u00e8rement.<\/li>\n<li>Artiste permanente \u00e0 la galerie <em>Les M\u00e9tamorphOZes<\/em> \u00e0 Valaire\u00a0: o\u00f9 elle expose toiles, sculptures et installations en textiles intelligents en galerie et dans les jardins (<em>Mission Val de Loire\/UNESCO) <\/em>jusqu\u2019en 2018<em>. <\/em><\/li>\n<li>De 1990 \u00e0 2007, participe \u00e0 de nombreux concerts en clavecin et en fl\u00fbte \u00e0 bec t\u00e9nor. Elle travaille \u00e9galement avec des danseurs baroques.<\/li>\n<li>1998 et 2008 : obtient son CAPES de musique et une Certification Compl\u00e9mentaire en Histoire de l\u2019Art<\/li>\n<li>2007, s\u2019initie \u00e0 la composition musicale sur ordinateur et enregistre des cr\u00e9ations de compositeurs contemporains.<\/li>\n<li>2015\u00a0: premiers salons et festivals de peinture. Ecrit des po\u00e8mes accompagnant ses \u0153uvres.<\/li>\n<\/ul>\n<p><strong>D\u00e9marche artistique\u00a0:<\/strong><\/p>\n<p>Les \u0153uvres, quelle que soit leur nature, sont souvent engag\u00e9es notamment vers les femmes car l\u2019art est li\u00e9 \u00e0 l\u2019\u00e9poque dans laquelle nous \u00e9voluons et \u00e0 la vie que nous traversons.<\/p>\n<p>Certaines techniques privil\u00e9gient la trace, l&#8217;empreinte, celle, fragile, que nous laissons, la d\u00e9chirure qui ne nous laisse jamais indemne. D\u2019autres mettent en contraste les textures, les mati\u00e8res et les couleurs ou \u00e0 l\u2019inverse les font converser. J\u2019utilise aussi bien le noir et le blanc que la couleur tr\u00e8s vive.<\/p>\n<p>Puis, les tissus intelligents DIATEX sont devenus des mat\u00e9riaux artistiques \u00e0 part enti\u00e8re et sont m\u00eal\u00e9s \u00e0 d\u2019autres mat\u00e9riaux industriels. Ils entrent dans la peinture, la sculpture et les installations, dans la figuration comme dans l\u2019abstraction. Enfin, les ateliers artistiques, les s\u00e9ances d\u2019art-th\u00e9rapie con\u00e7us pour les jeunes en difficult\u00e9s, les enfants et les adultes, favorisent le lien entre les \u00eatres qui peuvent s\u2019interroger, explorer des pratiques destin\u00e9es \u00e0 les aider \u00e0 mieux appr\u00e9hender le monde.<\/p>\n<p>Affili\u00e9e \u00e0 la Maison des Artistes. Contact : anne.delaby.art@gmail.com ou asso.ethopee.arts@gmail.com<\/p>","protected":false},"excerpt":{"rendered":"<p>Portrait de l&#8217;artiste entour\u00e9e des sculptures du Choeur Sacral<\/p>\n","protected":false},"author":2,"featured_media":0,"comment_status":"closed","ping_status":"open","sticky":false,"template":"","format":"standard","meta":{"footnotes":""},"categories":[1],"tags":[36,35,29],"_links":{"self":[{"href":"http:\/\/anne-delaby.com\/NouveauSite\/en\/wp-json\/wp\/v2\/posts\/27"}],"collection":[{"href":"http:\/\/anne-delaby.com\/NouveauSite\/en\/wp-json\/wp\/v2\/posts"}],"about":[{"href":"http:\/\/anne-delaby.com\/NouveauSite\/en\/wp-json\/wp\/v2\/types\/post"}],"author":[{"embeddable":true,"href":"http:\/\/anne-delaby.com\/NouveauSite\/en\/wp-json\/wp\/v2\/users\/2"}],"replies":[{"embeddable":true,"href":"http:\/\/anne-delaby.com\/NouveauSite\/en\/wp-json\/wp\/v2\/comments?post=27"}],"version-history":[{"count":15,"href":"http:\/\/anne-delaby.com\/NouveauSite\/en\/wp-json\/wp\/v2\/posts\/27\/revisions"}],"predecessor-version":[{"id":1449,"href":"http:\/\/anne-delaby.com\/NouveauSite\/en\/wp-json\/wp\/v2\/posts\/27\/revisions\/1449"}],"wp:attachment":[{"href":"http:\/\/anne-delaby.com\/NouveauSite\/en\/wp-json\/wp\/v2\/media?parent=27"}],"wp:term":[{"taxonomy":"category","embeddable":true,"href":"http:\/\/anne-delaby.com\/NouveauSite\/en\/wp-json\/wp\/v2\/categories?post=27"},{"taxonomy":"post_tag","embeddable":true,"href":"http:\/\/anne-delaby.com\/NouveauSite\/en\/wp-json\/wp\/v2\/tags?post=27"}],"curies":[{"name":"wp","href":"https:\/\/api.w.org\/{rel}","templated":true}]}}