{"id":1441,"date":"2024-04-06T16:14:57","date_gmt":"2024-04-06T14:14:57","guid":{"rendered":"http:\/\/anne-delaby.com\/NouveauSite\/?p=1441"},"modified":"2024-04-06T16:35:56","modified_gmt":"2024-04-06T14:35:56","slug":"pour","status":"publish","type":"post","link":"http:\/\/anne-delaby.com\/NouveauSite\/en\/2024\/04\/06\/pour\/","title":{"rendered":"Pour voir la vid\u00e9o de l&#8217;installation Anhydra sur ma cha\u00eene YouTube."},"content":{"rendered":"<!-- wp:paragraph--><div class=\"gridContainer\">\n<p>Pr\u00e9sentation r\u00e9sum\u00e9e d&#8217;une installation plastique et sonore intitul\u00e9e Anhydra (sans eau, sans vie) de Anne DELABY, artiste plasticienne et compositeur. Des sculptures d&#8217;oiseaux en d\u00e9tresse hydrique, mourant de pollutions diverses sont int\u00e9gr\u00e9es \u00e0 une grande vague de tissus intelligents DIATEX. L&#8217;installation comprend du son (Musique Assist\u00e9e sur Ordinateur ou MAO) qui fait partie int\u00e9grante de l&#8217;oeuvre. Des explications vous sont donn\u00e9es tout au long de la vid\u00e9o. Cette pi\u00e8ce monumentale a \u00e9t\u00e9 expos\u00e9e dans le cadre du Festival de l&#8217;Art dans les Chapelles du L\u00e9on (Finist\u00e8re) en \u00e9t\u00e9 2023 \u00e0 la chapelle Saint Yves du Bergot \u00e0 Lannilis.<\/p>\n<\/div><!-- \/wp:paragraph-->\n\n<!-- wp:paragraph--><div class=\"gridContainer\">\n<p>Cette installation est itin\u00e9rante, si vous \u00eates int\u00e9ress\u00e9s, elle est pr\u00eate pour de nouvelles exp\u00e9riences artistiques.<\/p>\n<\/div><!-- \/wp:paragraph-->\n\n<!-- wp:paragraph--><div class=\"gridContainer\">\n<p>Des sculptures de petit format \u00e9taient \u00e9galement expos\u00e9es : <em>Les Non\u00e8tes<\/em> d&#8217;apr\u00e8s une pi\u00e8ce de clavecin de Fran\u00e7ois Couperin.<\/p>\n<\/div><!-- \/wp:paragraph-->\n\n<!-- wp:embed {\"url\":\"https:\/\/www.youtube.com\/watch?v=hCuTf_9tHdQ\\u0026t=17s\",\"type\":\"video\",\"providerNameSlug\":\"youtube\",\"responsive\":true,\"className\":\"wp-embed-aspect-16-9 wp-has-aspect-ratio\"}--><div class=\"gridContainer\">\n<figure class=\"wp-block-embed is-type-video is-provider-youtube wp-block-embed-youtube wp-embed-aspect-16-9 wp-has-aspect-ratio\"><div class=\"wp-block-embed__wrapper\">\n<div class='embed-container'><iframe loading=\"lazy\" title=\"Vid\u00e9o Installation plastique et sonore Anhydra Juillet 2023\" width=\"1778\" height=\"1000\" src=\"https:\/\/www.youtube.com\/embed\/hCuTf_9tHdQ?start=17&#038;feature=oembed\" frameborder=\"0\" allow=\"accelerometer; autoplay; clipboard-write; encrypted-media; gyroscope; picture-in-picture; web-share\" referrerpolicy=\"strict-origin-when-cross-origin\" allowfullscreen><\/iframe><\/div>\n<\/div><figcaption class=\"wp-element-caption\"><em>Anhydra<\/em> : installation de sculptures d&#8217;oiseaux dans une vague de tissus intelligents DIATEX. Oeuvre pr\u00e9sent\u00e9e dans le cadre de l&#8217;art dans les chapelles du L\u00e9on &#8211; \u00e9t\u00e9 2023 &#8211; chapelle Saint Yves du Bergot &#8211; Lannilis.<\/figcaption><\/figure>\n<\/div><!-- \/wp:embed-->","protected":false},"excerpt":{"rendered":"<p>Pr\u00e9sentation r\u00e9sum\u00e9e d&#8217;une installation plastique et sonore intitul\u00e9e Anhydra (sans eau, sans vie) de Anne DELABY, artiste plasticienne et compositeur. Des sculptures d&#8217;oiseaux en d\u00e9tresse hydrique, mourant de pollutions diverses sont int\u00e9gr\u00e9es \u00e0 une grande vague de tissus intelligents DIATEX. L&#8217;installation comprend du son (Musique Assist\u00e9e sur Ordinateur ou MAO) qui fait partie int\u00e9grante de&nbsp;&hellip;<\/p>\n","protected":false},"author":2,"featured_media":1378,"comment_status":"open","ping_status":"open","sticky":true,"template":"","format":"standard","meta":{"footnotes":""},"categories":[1],"tags":[38,2,9,5,20],"_links":{"self":[{"href":"http:\/\/anne-delaby.com\/NouveauSite\/en\/wp-json\/wp\/v2\/posts\/1441"}],"collection":[{"href":"http:\/\/anne-delaby.com\/NouveauSite\/en\/wp-json\/wp\/v2\/posts"}],"about":[{"href":"http:\/\/anne-delaby.com\/NouveauSite\/en\/wp-json\/wp\/v2\/types\/post"}],"author":[{"embeddable":true,"href":"http:\/\/anne-delaby.com\/NouveauSite\/en\/wp-json\/wp\/v2\/users\/2"}],"replies":[{"embeddable":true,"href":"http:\/\/anne-delaby.com\/NouveauSite\/en\/wp-json\/wp\/v2\/comments?post=1441"}],"version-history":[{"count":3,"href":"http:\/\/anne-delaby.com\/NouveauSite\/en\/wp-json\/wp\/v2\/posts\/1441\/revisions"}],"predecessor-version":[{"id":1445,"href":"http:\/\/anne-delaby.com\/NouveauSite\/en\/wp-json\/wp\/v2\/posts\/1441\/revisions\/1445"}],"wp:featuredmedia":[{"embeddable":true,"href":"http:\/\/anne-delaby.com\/NouveauSite\/en\/wp-json\/wp\/v2\/media\/1378"}],"wp:attachment":[{"href":"http:\/\/anne-delaby.com\/NouveauSite\/en\/wp-json\/wp\/v2\/media?parent=1441"}],"wp:term":[{"taxonomy":"category","embeddable":true,"href":"http:\/\/anne-delaby.com\/NouveauSite\/en\/wp-json\/wp\/v2\/categories?post=1441"},{"taxonomy":"post_tag","embeddable":true,"href":"http:\/\/anne-delaby.com\/NouveauSite\/en\/wp-json\/wp\/v2\/tags?post=1441"}],"curies":[{"name":"wp","href":"https:\/\/api.w.org\/{rel}","templated":true}]}}